{"id":605,"date":"2002-11-20T14:30:02","date_gmt":"2002-11-20T13:30:02","guid":{"rendered":"http:\/\/www.justbewise.net\/?p=605"},"modified":"2002-11-20T14:30:02","modified_gmt":"2002-11-20T13:30:02","slug":"mten","status":"publish","type":"post","link":"https:\/\/www.justbewise.net\/?p=605","title":{"rendered":"mTen"},"content":{"rendered":"<p><b>1\/<\/b> Raisonnez-vous encore, pour mesurer le temps qui vous s\u00e9pare d\u2019un \u00e9v\u00e9nement, en termes de \u00ab nombre de fois \u00e0 dormir \u00bb ? Si oui, cela change quoi ?<\/p>\n<p>Oui !<br \/>\nCa change que ca rallonge encore plus l&rsquo;attente &#8230;<\/p>\n<p><b>2\/<\/b> Quelles que soient vos convictions\u2026 Qui a le plus de chances d\u2019exister, selon vous : Dieu ou le Diable (en essayant de prendre l\u2019un et l\u2019autre dans leurs d\u00e9finitions les plus larges) ? <\/p>\n<p>Dieu, parce que finalement, y&rsquo;a plus de choses qui ont \u00e9t faites, plut\u00f4t que d\u00e9faites ..<\/p>\n<p><b>3\/<\/b> Quand avez-vous ressenti le plus nettement les limites de votre intelligence (si cela a d\u00e9j\u00e0 \u00e9t\u00e9 le cas, bien entendu) ? C\u2019\u00e9tait comment ? <\/p>\n<p>En partiel de Math. C&rsquo;\u00e9tait \u00e0 la fois frustrant et plaisant, je me suis dit \u00ab\u00a0non, je ne suis pas une machine\u00a0\u00bb.<\/p>\n<p><b>4\/<\/b> Puisqu\u2019on en est \u00e0 parler de \u00e7a, qu\u2019est-ce qui vous vexe le plus ? Une remarque sur votre physique ou votre intelligence ? <\/p>\n<p>Intelligence je pense, le physique, si j&rsquo;y faisait attention, je pense que je le prendrais mal, mais comme j&rsquo;essaye plus d&rsquo;entretenir et d&rsquo;am\u00e9liorer mon cerveau que mon body, je me vexe plus quand on attaque ce pour quoi je travaille (j&rsquo;ai pas dit que j&rsquo;avais obtenu des r\u00e9sultats satfisfaisants, notez bien.)<\/p>\n<p><b>5\/<\/b> Avez-vous d\u00e9j\u00e0 \u00e9t\u00e9 surpris en plein solo sur une guitare invisible (devant votre glace, vos Barbies, etc) ? Si c\u2019est le cas &#8211; et m\u00eame s\u2019il s\u2019agit d\u2019un solo sur un autre instrument invisible &#8211; je suis navr\u00e9, mais il va falloir donner les d\u00e9tails. <\/p>\n<p>Comme je chante souvent dans ma voiture, et que quand c&rsquo;est Shakira, je fais les gestes, j&rsquo;ai parfois vu quelques personnes me regarder \u00e9trangement dans les embouteillages. Avant, ca me bloquait, maintenant, je continue, ca leur donnera une histoire \u00e0 raconter en arrivant \u00e0 la maison, ou ca les amusera dans les bouchons ..<\/p>\n<p><b>6\/<\/b> Vous avez des mots avec un inconnu, et vous \u00eates \u00e0 deux doigts d\u2019en venir aux mains (tiens, dr\u00f4le d\u2019expression). Qu\u2019il y ait \u00e9change de coups ou pas, d\u00e9crivez votre \u00e9tat tant physique que mental. <\/p>\n<p>Ca n&rsquo;arrive jamais. Disons que si jamais ca arrive un jour, mon \u00e9tat ca sera \u00ab\u00a0PART AUSSI LOIN QUE POSSIBLE\u00a0\u00bb.<\/p>\n<p><b>7\/<\/b> Avez-vous fait des efforts, \u00e0 une p\u00e9riode de votre vie, pour ressembler physiquement \u00e0 quelqu\u2019un de connu ? Pourquoi ? (je parle de d\u00e9marche volontaire, pas du \u00ab tiens, tu ressembles \u00e0 untel ! \u00bb qui avait fait l\u2019objet d\u2019une pr\u00e9c\u00e9dente question). <\/p>\n<p>Non.<\/p>\n<p><b>8\/<\/b> Existe-t-il une langue que vous avez franchement du mal \u00e0 encaisser (au sens o\u00f9 ses sonorit\u00e9s vous d\u00e9plaisent vraiment) ? <\/p>\n<p>Le portugais, ou le br\u00e9silien par extension, ce sont des sonorit\u00e9 lascives, sifflantes et chuintantes qui m&rsquo;agacent. Quand j&rsquo;\u00e9tais petit c&rsquo;\u00e9tait l&rsquo;allemand, mais ca c&rsquo;\u00e9tait \u00e0 cause des films de guerre, maintenant j&rsquo;ai su appr\u00e9cier.<\/p>\n<p><b>9\/<\/b> Qui \u00e9tait votre \u00ab monstre du placard \u00bb ? Il r\u00e9sidait o\u00f9 exactement ? Vous vous \u00eates quitt\u00e9s vers quel \u00e2ge ? <\/p>\n<p>Michael Jackson.<br \/>\nIl me poursuit encore.<\/p>\n<p><b>10\/<\/b> Au cours de votre vie, quelle que soit sa longueur, vous avez forc\u00e9ment d\u00fb assister \u00e0 des passages de flambeaux, au cours desquels un \u00e9l\u00e9ment ancien, un d\u00e9tail du pass\u00e9, se voyait modernis\u00e9. J\u2019ai vu le t\u00e9n\u00e9breux Passage du Havre hausmannien devenir une galerie marchande \u00e9clair\u00e9e aux n\u00e9ons, l\u2019Austin Mini se changer en une voiture de luxe surpuissante, et les policiers anglais risquent de ne pas garder longtemps leur coiffe l\u00e9gendaire\u2026 Bref, parmi les passages dont vous avez \u00e9t\u00e9 t\u00e9moins, lesquels vont ont pein\u00e9 ? R\u00e9joui ? <\/p>\n<p>J&rsquo;ai pas d&rsquo;exemple particulier, et plus que la modernisation, c&rsquo;est l&rsquo;\u00e9volution naturelle de ma personne qui m&rsquo;a forc\u00e9 \u00e0 voir mon environnement changer.<br \/>\nQuand j&rsquo;\u00e9tais plus jeune, mon monde c&rsquo;\u00e9tait mon quartier, et quand j&rsquo;allais \u00ab\u00a0en ville\u00a0\u00bb, j&rsquo;allais au centre commercial, ou au cinema du bled. Maintenant que j&rsquo;ai une voiture, que j&rsquo;ai tourn\u00e9e tout autour du Sud de la France, et \u00e0 droite \u00e0 gauche en Europe, j&rsquo;ai l&rsquo;impression que mon quartier c&rsquo;est Toulouse, et que d&rsquo;aller \u00ab\u00a0en ville\u00a0\u00bb, c&rsquo;est se d\u00e9placer en dehors des limites de la r\u00e9gion. Je regrette un peu le temps o\u00f9 je me d\u00e9pla\u00e7ais uniquement en v\u00e9lo ou \u00e0 pied, ou 3h de d\u00e9placement corespondait \u00e0 de longues marches\/discussions avec Marc-Antoine de Port-Sud \u00e0 Castanet en passant par Auzeville et en redescendant par la 113. Maintenant c&rsquo;est le temps qu&rsquo;il me faut aller-retour pour aller \u00e0 Montpellier voir ma grand-m\u00e8re, ce qui \u00e9tait une expedition pour moi &#8230;<br \/>\nLa modernisation des lieux communs qui m&rsquo;entourent ne m&rsquo;affecte pas vraiment, parce qu&rsquo;on s&rsquo;habitue \u00e0 tout, c&rsquo;est seulement le fait que le temps avance, et qu&rsquo;on ne se sente plus vraiment accroch\u00e9 \u00e0 ce qui avait de l&rsquo;importance il y a 10 ans qui est vraiment marquant.<\/p>\n","protected":false},"excerpt":{"rendered":"<p>1\/ Raisonnez-vous encore, pour mesurer le temps qui vous s\u00e9pare d\u2019un \u00e9v\u00e9nement, en termes de \u00ab nombre de fois \u00e0 dormir \u00bb ? Si oui, cela change quoi ? Oui ! Ca change que ca rallonge encore plus l&rsquo;attente &#8230; 2\/ Quelles que soient vos convictions\u2026 Qui a le plus de chances d\u2019exister, selon vous [&hellip;]<\/p>\n","protected":false},"author":1,"featured_media":0,"comment_status":"closed","ping_status":"","sticky":false,"template":"","format":"standard","meta":{"footnotes":""},"categories":[1],"tags":[],"class_list":["post-605","post","type-post","status-publish","format-standard","hentry","category-general"],"_links":{"self":[{"href":"https:\/\/www.justbewise.net\/index.php?rest_route=\/wp\/v2\/posts\/605","targetHints":{"allow":["GET"]}}],"collection":[{"href":"https:\/\/www.justbewise.net\/index.php?rest_route=\/wp\/v2\/posts"}],"about":[{"href":"https:\/\/www.justbewise.net\/index.php?rest_route=\/wp\/v2\/types\/post"}],"author":[{"embeddable":true,"href":"https:\/\/www.justbewise.net\/index.php?rest_route=\/wp\/v2\/users\/1"}],"replies":[{"embeddable":true,"href":"https:\/\/www.justbewise.net\/index.php?rest_route=%2Fwp%2Fv2%2Fcomments&post=605"}],"version-history":[{"count":0,"href":"https:\/\/www.justbewise.net\/index.php?rest_route=\/wp\/v2\/posts\/605\/revisions"}],"wp:attachment":[{"href":"https:\/\/www.justbewise.net\/index.php?rest_route=%2Fwp%2Fv2%2Fmedia&parent=605"}],"wp:term":[{"taxonomy":"category","embeddable":true,"href":"https:\/\/www.justbewise.net\/index.php?rest_route=%2Fwp%2Fv2%2Fcategories&post=605"},{"taxonomy":"post_tag","embeddable":true,"href":"https:\/\/www.justbewise.net\/index.php?rest_route=%2Fwp%2Fv2%2Ftags&post=605"}],"curies":[{"name":"wp","href":"https:\/\/api.w.org\/{rel}","templated":true}]}}