{"id":783,"date":"2002-09-11T16:36:07","date_gmt":"2002-09-11T15:36:07","guid":{"rendered":"http:\/\/www.justbewise.net\/?p=783"},"modified":"2002-09-11T16:36:07","modified_gmt":"2002-09-11T15:36:07","slug":"mon-mot-sur-le-11-septembre","status":"publish","type":"post","link":"https:\/\/www.justbewise.net\/?p=783","title":{"rendered":"Mon mot sur le 11 septembre"},"content":{"rendered":"<p>Je ne supporte pas l&rsquo;anti am\u00e9ricanisme primaire, h\u00e9rit\u00e9 d&rsquo;une fiert\u00e9 tout gaulliste qui date des ann\u00e9es 50-60, et qui ne s&rsquo;applique en aucun cas \u00e0 un crit\u00e8re de notre g\u00e9n\u00e9ration.<br \/>\nNous sommes des am\u00e9ricains, la seule chose qui nous en diff\u00e9rencie c&rsquo;est la langue. Notre culture, nos go\u00fbts et notre style de vie sont am\u00e9ricains.<br \/>\nCela \u00e9tant pos\u00e9, je pense notamment aux 350 pompiers am\u00e9ricains, dans leurs camions am\u00e9ricains avec des habits am\u00e9ricains qui ont essay\u00e9 de sauver les 2500 personnes pas forc\u00e9ment am\u00e9ricaines qu&rsquo;on ne retrouvera plus, et qui sont morts en Am\u00e9rique, avec un casque am\u00e9ricain et un drapeau am\u00e9ricain sur le bras.<br \/>\nJe gerbe la fa\u00e7on de n\u00e9gliger simplement le fait qu&rsquo;un pompier ai pu faire son travail, et qu&rsquo;il y ai trouv\u00e9 la mort.<br \/>\nEt dire que c&rsquo;est bien fait ou ne faire qu&rsquo;approcher ce sentiment, ce n&rsquo;est pour moi qu&rsquo;une mani\u00e8re de montrer \u00e0 quel point on est obtus, manipul\u00e9 et ancr\u00e9 dans des consid\u00e9rations politico-sociales qui n&rsquo;appartiennent plus \u00e0 notre g\u00e9n\u00e9ration.<br \/>\nAu del\u00e0 du symbolisme, au del\u00e0 d&rsquo;histoire politique, je souhaite seulement que vous vous trouviez, vous qui dites \u00ab\u00a0Il y a un an, les &lsquo;ricains se prenaient une bonne claque dans la gueule\u00a0\u00bb que vous vous trouviez ne serait-ce qu&rsquo;\u00e0 500m d&rsquo;une explosion, d&rsquo;une destruction, m\u00eame accidentelle, que vous ayez vos proches atteint, m\u00eame de mani\u00e8re benigne, que persone autour de vous ne sache ce qui se passe, que le t\u00e9l\u00e9phone ne marche plus, que vous ne savez pas o\u00f9 est votre enfant, votre parent, et qu&rsquo;il fait peut-\u00eatre partie des victimes.<br \/>\nDe la merde.<br \/>\nVous \u00eates de la merde.<br \/>\nOn ne fait pas passer du rebellement correct au-dessus de la vie de gens qui ont essay\u00e9 et r\u00e9ussi \u00e0 en sauver d&rsquo;autres. Au moins \u00e7a.<br \/>\nSi c&rsquo;est simplement le fait qu&rsquo;on ne parle que des am\u00e9ricains, et pas des autres victimes tout au long du temps et des lieux, l\u00e0 je vous rejoint sur ce point, mais alors, par respect pour les autres, n&rsquo;insultez aucune victime, parce qu&rsquo;une personne assassin\u00e9e en reste une, qu&rsquo;elle soit d&rsquo;un cot\u00e9 ou l&rsquo;autre de l&rsquo;atlantique, en haut d&rsquo;une tour ou dans une cave.<br \/>\nJe deteste la chanson de Renaud\/Axelle Red, trop remplie de clich\u00e9s, mais je ne peux pas nier qu&rsquo;elle touche un point sensible sans c\u00e9der \u00e0 la facilit\u00e9 de critiquer ou de juger.<br \/>\nEnfin voil\u00e0, le 11 septembre, c&rsquo;est encore plus concret quand on a v\u00e9cu le 21 septembre.<\/p>\n","protected":false},"excerpt":{"rendered":"<p>Je ne supporte pas l&rsquo;anti am\u00e9ricanisme primaire, h\u00e9rit\u00e9 d&rsquo;une fiert\u00e9 tout gaulliste qui date des ann\u00e9es 50-60, et qui ne s&rsquo;applique en aucun cas \u00e0 un crit\u00e8re de notre g\u00e9n\u00e9ration. Nous sommes des am\u00e9ricains, la seule chose qui nous en diff\u00e9rencie c&rsquo;est la langue. Notre culture, nos go\u00fbts et notre style de vie sont am\u00e9ricains. [&hellip;]<\/p>\n","protected":false},"author":1,"featured_media":0,"comment_status":"closed","ping_status":"","sticky":false,"template":"","format":"standard","meta":{"footnotes":""},"categories":[1],"tags":[],"class_list":["post-783","post","type-post","status-publish","format-standard","hentry","category-general"],"_links":{"self":[{"href":"https:\/\/www.justbewise.net\/index.php?rest_route=\/wp\/v2\/posts\/783","targetHints":{"allow":["GET"]}}],"collection":[{"href":"https:\/\/www.justbewise.net\/index.php?rest_route=\/wp\/v2\/posts"}],"about":[{"href":"https:\/\/www.justbewise.net\/index.php?rest_route=\/wp\/v2\/types\/post"}],"author":[{"embeddable":true,"href":"https:\/\/www.justbewise.net\/index.php?rest_route=\/wp\/v2\/users\/1"}],"replies":[{"embeddable":true,"href":"https:\/\/www.justbewise.net\/index.php?rest_route=%2Fwp%2Fv2%2Fcomments&post=783"}],"version-history":[{"count":0,"href":"https:\/\/www.justbewise.net\/index.php?rest_route=\/wp\/v2\/posts\/783\/revisions"}],"wp:attachment":[{"href":"https:\/\/www.justbewise.net\/index.php?rest_route=%2Fwp%2Fv2%2Fmedia&parent=783"}],"wp:term":[{"taxonomy":"category","embeddable":true,"href":"https:\/\/www.justbewise.net\/index.php?rest_route=%2Fwp%2Fv2%2Fcategories&post=783"},{"taxonomy":"post_tag","embeddable":true,"href":"https:\/\/www.justbewise.net\/index.php?rest_route=%2Fwp%2Fv2%2Ftags&post=783"}],"curies":[{"name":"wp","href":"https:\/\/api.w.org\/{rel}","templated":true}]}}