{"id":996,"date":"2002-05-14T19:22:20","date_gmt":"2002-05-14T18:22:20","guid":{"rendered":"http:\/\/www.justbewise.net\/?p=996"},"modified":"2002-05-14T19:22:20","modified_gmt":"2002-05-14T18:22:20","slug":"loft-story-part-iii","status":"publish","type":"post","link":"https:\/\/www.justbewise.net\/?p=996","title":{"rendered":"Loft Story, Part III"},"content":{"rendered":"<p>Non mais c&rsquo;est honteux HONTEUX d&rsquo;entendre David et Kamel parler comme \u00e7a.<br \/>\n<br \/>\nQue repr\u00e9sentent ces gens l\u00e0 ? Rien, mais alors le NEANT, ils sont les premiers \u00e0 casser du sucre et ils comprennent pas le retour de b\u00e2ton.<br \/>\n<br \/>\nDavid, cet ersatz de VanDamme, qui pense \u00eatre forc\u00e9ment loin au dessus de tous les autres, qui se permet de juger qui est valable ou non \u00e0 nominer, de critiquer les choix de chacun, et en plus d&rsquo;assumer.<br \/>\n<br \/>\nKamel, mais mince, cet esp\u00e8ce de clone, compl\u00e9tement st\u00e9r\u00e9otyp\u00e9, un gars intelligent victime de sa propre n\u00e9gligence \u00e0 vouloir faire l&rsquo;effort d&rsquo;apprendre, qui insulte des \u00ab\u00a0ploucs\u00a0\u00bb qu&rsquo;il n&rsquo;approche m\u00eame pas d&rsquo;un km au niveau de l&rsquo;inter\u00eat social.<\/p>\n<p>Je comprends pas.<br \/>\n<br \/>\nHonnetement, je trouve qu&rsquo;Angela, elle est pas detestable, c&rsquo;est s\u00fbr, ses choix sont pas forc\u00e9ment pertinents dans la vie, mais, j&rsquo;arrive pas \u00e0 la trouver antipathique, par contre, Lesly, mais vous \u00eates con ou quoi, quand j&rsquo;entends qu&rsquo;on la d\u00e9fend cette pauvre rien du tout, mais je peux qu&rsquo;encourager la scolarit\u00e9 obligatoire jusqu&rsquo;\u00e0 25 ans, les pensions non-mixtes et les \u00e9coles de cur\u00e9 pour qu&rsquo;on puisse faire rentrer le minimum de lucidit\u00e9 dans la population.<br \/>\n<br \/>\nAllez hop, un peu de \u00ab\u00a0tol\u00e9rance\u00a0\u00bb, votez Angela, et virez-nous cette Lesly, David sera content, et moi aussi, et je sais que vous voulez mon bonheur.<br \/><\/p>\n","protected":false},"excerpt":{"rendered":"<p>Non mais c&rsquo;est honteux HONTEUX d&rsquo;entendre David et Kamel parler comme \u00e7a. Que repr\u00e9sentent ces gens l\u00e0 ? Rien, mais alors le NEANT, ils sont les premiers \u00e0 casser du sucre et ils comprennent pas le retour de b\u00e2ton. David, cet ersatz de VanDamme, qui pense \u00eatre forc\u00e9ment loin au dessus de tous les autres, [&hellip;]<\/p>\n","protected":false},"author":1,"featured_media":0,"comment_status":"closed","ping_status":"","sticky":false,"template":"","format":"standard","meta":{"footnotes":""},"categories":[1],"tags":[],"class_list":["post-996","post","type-post","status-publish","format-standard","hentry","category-general"],"_links":{"self":[{"href":"https:\/\/www.justbewise.net\/index.php?rest_route=\/wp\/v2\/posts\/996","targetHints":{"allow":["GET"]}}],"collection":[{"href":"https:\/\/www.justbewise.net\/index.php?rest_route=\/wp\/v2\/posts"}],"about":[{"href":"https:\/\/www.justbewise.net\/index.php?rest_route=\/wp\/v2\/types\/post"}],"author":[{"embeddable":true,"href":"https:\/\/www.justbewise.net\/index.php?rest_route=\/wp\/v2\/users\/1"}],"replies":[{"embeddable":true,"href":"https:\/\/www.justbewise.net\/index.php?rest_route=%2Fwp%2Fv2%2Fcomments&post=996"}],"version-history":[{"count":0,"href":"https:\/\/www.justbewise.net\/index.php?rest_route=\/wp\/v2\/posts\/996\/revisions"}],"wp:attachment":[{"href":"https:\/\/www.justbewise.net\/index.php?rest_route=%2Fwp%2Fv2%2Fmedia&parent=996"}],"wp:term":[{"taxonomy":"category","embeddable":true,"href":"https:\/\/www.justbewise.net\/index.php?rest_route=%2Fwp%2Fv2%2Fcategories&post=996"},{"taxonomy":"post_tag","embeddable":true,"href":"https:\/\/www.justbewise.net\/index.php?rest_route=%2Fwp%2Fv2%2Ftags&post=996"}],"curies":[{"name":"wp","href":"https:\/\/api.w.org\/{rel}","templated":true}]}}